{"id":68085,"date":"2026-09-04T08:44:56","date_gmt":"2026-09-04T06:44:56","guid":{"rendered":"https:\/\/toxic.fm\/site\/?post_type=cpt-posts&#038;p=68085"},"modified":"2026-09-04T08:44:56","modified_gmt":"2026-09-04T06:44:56","slug":"der-samstag-wird-prismatic-tiesto-neu-bei-toxic-fm","status":"publish","type":"cpt-posts","link":"https:\/\/toxic.fm\/site\/beitraege\/der-samstag-wird-prismatic-tiesto-neu-bei-toxic-fm\/","title":{"rendered":"Der Samstag wird PRISMATIC: Ti\u00ebsto neu bei toxic.fm"},"content":{"rendered":"\n<p><strong>Erst Armin van Buuren, jetzt Ti\u00ebsto: toxic.fm baut sein internationales Dance-Programm weiter aus. Ab Samstag, 5. September 2026, ist Ti\u00ebsto mit seiner Radioshow \u00abPRISMATIC\u00bb jeden Samstag ab 20.00 Uhr auf toxic.fm zu h\u00f6ren.<\/strong><\/p>\n\n\n\n<p>Es ist der n\u00e4chste grosse Name innerhalb nur einer Woche: Nachdem am vergangenen Dienstag Armin van Buurens \u00abA State of Trance\u00bb erstmals auf toxic.fm ausgestrahlt wurde, erh\u00e4lt nun auch Ti\u00ebsto einen festen Sendeplatz im Programm.<\/p>\n\n\n\n<p>Der niederl\u00e4ndische Superstar z\u00e4hlt seit Jahrzehnten zu den pr\u00e4gendsten K\u00fcnstlern der elektronischen Musik. Mit weltbekannten Produktionen, Auftritten auf den gr\u00f6ssten Festivalb\u00fchnen und immer neuen musikalischen Entwicklungen hat Ti\u00ebsto mehrere Generationen von Dance-Fans begleitet.<\/p>\n\n\n\n<p>In seiner w\u00f6chentlichen Radioshow \u00abPRISMATIC\u00bb pr\u00e4sentiert Ti\u00ebsto w\u00e4hrend einer Stunde neue, von ihm pers\u00f6nlich ausgew\u00e4hlte Dance Music aus aller Welt. Die Sendung verbindet aktuelle Produktionen mit jenem energiegeladenen und emotionalen Sound, f\u00fcr den Ti\u00ebsto international bekannt ist.<\/p>\n\n\n\n<p>\u00abArmin van Buuren am Dienstag und Ti\u00ebsto am Samstag \u2013 diese beiden Namen innerhalb einer Woche neu in unser Programm aufzunehmen, ist f\u00fcr toxic.fm ein echtes Highlight. Es zeigt sehr klar, welchen Stellenwert elektronische Musik bei uns hat und wohin wir uns programmlich entwickeln\u00bb, sagt Timo Michels, Gesch\u00e4ftsf\u00fchrer von toxic.fm.<\/p>\n\n\n\n<p>Mit \u00abPRISMATIC\u00bb erh\u00e4lt auch der Samstagabend ein neues musikalisches Highlight. Damit unterstreicht toxic.fm seinen Anspruch, die Ostschweiz mit aktuellen Sounds und international relevanten Formaten aus der Welt der elektronischen Musik zu versorgen.<\/p>\n\n\n\n<p><strong>TI\u00cbSTO \u2013 PRISMATIC<\/strong><br>Ab 5. September 2026<br>Jeden Samstag ab 20.00 Uhr<br>Auf toxic.fm<\/p>\n\n\n\n<p><\/p>\n","protected":false},"menu_order":0,"template":"","class_list":["post-68085","cpt-posts","type-cpt-posts","status-publish","hentry","cpt-posts-category-musik"],"acf":[],"publishpress_future_workflow_manual_trigger":{"enabledWorkflows":[]},"_links":{"self":[{"href":"https:\/\/toxic.fm\/site\/wp-json\/wp\/v2\/cpt-posts\/68085","targetHints":{"allow":["GET"]}}],"collection":[{"href":"https:\/\/toxic.fm\/site\/wp-json\/wp\/v2\/cpt-posts"}],"about":[{"href":"https:\/\/toxic.fm\/site\/wp-json\/wp\/v2\/types\/cpt-posts"}],"version-history":[{"count":1,"href":"https:\/\/toxic.fm\/site\/wp-json\/wp\/v2\/cpt-posts\/68085\/revisions"}],"predecessor-version":[{"id":68087,"href":"https:\/\/toxic.fm\/site\/wp-json\/wp\/v2\/cpt-posts\/68085\/revisions\/68087"}],"wp:attachment":[{"href":"https:\/\/toxic.fm\/site\/wp-json\/wp\/v2\/media?parent=68085"}],"curies":[{"name":"wp","href":"https:\/\/api.w.org\/{rel}","templated":true}]}}