{"id":46499,"date":"2023-02-17T16:44:24","date_gmt":"2023-02-17T15:44:24","guid":{"rendered":"https:\/\/toxic.fm\/site\/?post_type=cpt-posts&#038;p=46499"},"modified":"2023-02-17T16:57:11","modified_gmt":"2023-02-17T15:57:11","slug":"long-covid-ich-kann-keine-musik-mehr-hoeren","status":"publish","type":"cpt-posts","link":"https:\/\/toxic.fm\/site\/beitraege\/long-covid-ich-kann-keine-musik-mehr-hoeren\/","title":{"rendered":"Long-Covid: \u00abIch kann keine Musik mehr h\u00f6ren\u00bb"},"content":{"rendered":"\n<p><strong><em>Seit genau einem Jahr gilt \u00abFreiheit\u00bb. Der Bundesrat hat auf den 17. Februar vor einem Jahr fast alle Corona-Massnahmen aufgehoben. Frei f\u00fchlen sich aber noch lange nicht alle Personen. Verantwortlich daf\u00fcr ist Long-Covid. So lautet der Name der Krankheit, die Patient:innen noch lange Zeit nach der Corona-Infektion enorm einschr\u00e4nkt. Betroffene leiden im privaten sowie im beruflichen Alltag.<\/em><\/strong><\/p>\n\n\n\n<p>Bei manchen ist sie vergessen, andere leiden noch immer stark. Die Corona-Pandemie hat Spuren hinterlassen. Auch in der Schweiz leiden viele Personen seit ihrer Coronavirus-Infektion an Langzeitfolgen. Die Weltgesundheitsorganisation (WHO) bezeichnet die Krankheit als \u00abPost-Covid-19 Erkrankung.\u00bb Die anhaltenden Folgen nach der Coronavirus-Infektion wird jedoch auch h\u00e4ufig als \u00abLong-Covid\u00bb bezeichnet. Die h\u00e4ufigsten Symptome der Erkrankung sind laut dem Bundesamt f\u00fcr Gesundheit folgende: Starke M\u00fcdigkeit, Ersch\u00f6pfung und Belastungsintoleranz, Kurzatmigkeit und Atembeschwerden, Konzentrations- und Ged\u00e4chtnisprobleme. Allerdings gibt es auch viele weitere Symptome. Die meisten beeintr\u00e4chtigen die Funktionsf\u00e4higkeit im Alltag. Sie k\u00f6nnen unterschiedlich stark sein und sich \u00fcber die Zeit ver\u00e4ndern oder wieder zur\u00fcckkehren.<\/p>\n\n\n\n<p><\/p>\n\n\n\n<blockquote class=\"wp-block-quote is-layout-flow wp-block-quote-is-layout-flow\">\n<p><em>\u00abAn Motivation fehlt es uns Long-Covid Betroffenen nicht. Wir w\u00fcrden gerne mehr leisten, es ist leider einfach nicht mehr m\u00f6glich.\u00bb<\/em><\/p>\n<cite><em>Ariana Frischknecht, 29 Jahre<\/em> leidet an Long-Covid<\/cite><\/blockquote>\n\n\n\n<p><\/p>\n\n\n\n<p><strong>Verheerende Auswirkungen begleiten Betroffene <\/strong><\/p>\n\n\n\n<p>Die junge Betroffene, Ariana Frischknecht aus Gossau, hat sich Ende 2020 mit dem Coronavirus infiziert. Wie sie gegen\u00fcber toxic.fm erz\u00e4hlt, erlebte sie einen sehr milden Verlauf ihrer Infektion. Kurze Zeit danach bemerkte sie jedoch, dass etwas nicht stimmt: \u00abIch war enorm schnell ersch\u00f6pft und bekam schnell Kopfschmerzen. Ebenfalls hatte ich M\u00fche mich zu konzentrieren oder mehrere Sachen gleichzeitig zu machen, wie z.B. Autofahren.\u00bb Heute leidet sie an Ersch\u00f6pfung, Belastungsintoleranz, Kopfschmerzen, Schwindel und Konzentrationsprobleme.<\/p>\n\n\n\n<p>Seit der Infektion hat sich im Leben der 29-j\u00e4hrigen sehr viel ver\u00e4ndert. Dies f\u00fchrte dazu, dass sie ihre berufliche T\u00e4tigkeit als Polizistin aufgeben musste. Momentan befindet sich die Gossauerin in einer Wiedereingliederung f\u00fcr einen anderen Beruf. Zurzeit arbeitet sie vier Halbtage in der Woche und ist froh, dass sie wieder arbeiten kann. Trotzdem meint sie: Alles drehe sich ums Pause machen.<\/p>\n\n\n\n<blockquote class=\"wp-block-quote is-layout-flow wp-block-quote-is-layout-flow\">\n<p><em>\u00abWenn ich nach einem halben Tag arbeiten nach Hause komme, brauche ich zuerst Ruhe und Erholung. Sonst geht nichts mehr.\u00bb<\/em><\/p>\n<cite><em>Der berufliche Alltag f\u00e4llt der jungen Frau schwer.<\/em><\/cite><\/blockquote>\n\n\n\n<p>Den Betroffenen sieht man oft nicht an, dass sie krank sind meint die ehemalige Polizistin weiter. \u00abViele reissen sich zusammen, bis sie Zuhause sind. Dort wo sie niemand sieht.\u00bb &nbsp;<\/p>\n\n\n\n<p><\/p>\n\n\n\n<p><strong>Betroffene Ostschweizer:innen unterst\u00fctzen sich gegenseitig<\/strong><\/p>\n\n\n\n<p>Es gibt keine Therapien und Medikamente zur Bek\u00e4mpfung von der bislang wenig erforschten Krankheit. Zurzeit k\u00f6nnen sich Personen, die an der Post-Covid-19 Erkrankung leiden nur gegenseitig beistehen. Eine ebenfalls Betroffene, Monika Schmid aus Goldach, hat deshalb eine Selbsthilfegruppe in der Ostschweiz ins Leben gerufen. Mit dem Austausch bekommen sie von anderen Patient:innen absolutes Verst\u00e4ndnis f\u00fcr ihre Symptome. Die Gruppe trifft sich zweimal im Monat, um sich auszutauschen. Das Alter der Personen, die diese Selbsthilfegruppe besuchen, liegt durchschnittlich zwischen 25 und 45 Jahren.<\/p>\n\n\n\n<p>Weiter erz\u00e4hlt die Gr\u00fcnderin der Selbsthilfegruppe, dass die Betroffenen selbst nach L\u00f6sungen und m\u00f6glichen Therapien suchen m\u00fcssen, weil es immer noch kaum Studien und Erfahrungen gibt. Die am Bodensee wohnhafte Monika Schmid leidet, wie viele weitere, seit \u00fcber zwei Jahren an schweren Folgen nach ihrer Infektion. Ihre Lebensqualit\u00e4t wird durch ihr Leiden stark eingeschr\u00e4nkt.<\/p>\n\n\n\n<blockquote class=\"wp-block-quote is-layout-flow wp-block-quote-is-layout-flow\">\n<p><em>\u00abIch bin von der \u00dcberhohlspur auf dem Pannenstreifen gelandet. Das Leben rauscht an mir vorbei. Vergleichbar wie Dornr\u00f6schen im hundert j\u00e4hrigen Schlaf.\u00bb<\/em><\/p>\n<cite>Monika Schmid 58, Gr\u00fcnderin der Selbsthilfegruppe<\/cite><\/blockquote>\n\n\n\n<p>Ihre Symptome sind vor allem Konzentrations- und Ged\u00e4chtnisprobleme, Kurzatmigkeit bei kleinster Anstrengung trotz intakter Lunge und Ersch\u00f6pfungszust\u00e4nde. Auch leidet sie an Reiz\u00fcberflutung: Ein Zustand, wo der K\u00f6rper viele Reize aufnimmt, die nicht mehr verarbeitet werden k\u00f6nnen. Das schr\u00e4nkt Betroffene in allt\u00e4glichen Situationen ein, die vorher ganz gew\u00f6hnlich waren. \u00abIch kann absolut kein Radio oder Musik mehr h\u00f6ren. Einkaufen ist ebenfalls nicht mehr m\u00f6glich. \u00bb In der Hoffnung die Symptome zu lindern war sie schon bei verschiedenen Untersuchungen. Leider ohne Erfolg.<\/p>\n\n\n\n<blockquote class=\"wp-block-quote is-layout-flow wp-block-quote-is-layout-flow\">\n<p>\u00ab<em>Da die Kassen wegen nicht Anerkennung kaum etwas \u00fcbernehmen haben viele Betroffene schon tausende Franken gezahlt.<\/em> <\/p>\n<cite>Monika Schmid hat ebenfalls schon viel Geld f\u00fcr Behandlungen aus der eigenen Tasche heraus bezahlt.<\/cite><\/blockquote>\n\n\n\n<p><strong>\u00c4rzte k\u00f6nnen Post-Covid-19 Erkrankten wenig bieten<\/strong><\/p>\n\n\n\n<p>Personen, die an Langzeitfolgen leiden, suchen sich h\u00e4ufig Hilfe bei \u00c4rzten. Die Erwartungen der Patient:innen, dass ihnen ein Arzt helfen kann, sind hoch. Die Fachpersonen hingegen k\u00f6nnen nur wenig bieten, so Dominique Braun, Oberarzt am Universit\u00e4tsspital Z\u00fcrich.<\/p>\n\n\n\n<blockquote class=\"wp-block-quote is-layout-flow wp-block-quote-is-layout-flow\">\n<p><em>\u00abEs ist schwierig f\u00fcr beide Seiten\u00bb<\/em><\/p>\n<cite>Dominique Braun, Oberarzt f\u00fcr Infektionskrankheiten im Universit\u00e4tsspital Z\u00fcrich<\/cite><\/blockquote>\n\n\n\n<p>Weiter erz\u00e4hlt Braun gegen\u00fcber toxic.fm, die \u00c4rzte k\u00f6nnen wie bei anderen Krankheiten nicht messen, ob jemand an den Langzeitfolgen von Corona leidet. Auch medikament\u00f6se Therapien g\u00e4be es keine. Betroffene werden in ihrer Sprechstunde zwar betreut. Bis auf eine Diagnose die Long-Covid best\u00e4tigt und Therapien, bei denen sie lernen ihre Energie richtig einzuteilen, sind die Betroffenen Personen jedoch auf sich allein gestellt. Welche Faktoren genau f\u00fcr die Symptome der Langzeitfolgen verantwortlich sind, wird weiter erforscht.<\/p>\n\n\n\n<figure class=\"wp-block-audio\"><audio controls src=\"https:\/\/toxic.fm\/site\/wp-content\/uploads\/2023\/02\/Long-coviud-ton.wav\"><\/audio><\/figure>\n\n\n\n<p class=\"has-small-font-size\">D\u00e9sir\u00e9e Blattmann, 17.02.2023<\/p>\n","protected":false},"menu_order":0,"template":"","class_list":["post-46499","cpt-posts","type-cpt-posts","status-publish","hentry","cpt-posts-category-regio_news"],"acf":[],"publishpress_future_workflow_manual_trigger":{"enabledWorkflows":[]},"_links":{"self":[{"href":"https:\/\/toxic.fm\/site\/wp-json\/wp\/v2\/cpt-posts\/46499","targetHints":{"allow":["GET"]}}],"collection":[{"href":"https:\/\/toxic.fm\/site\/wp-json\/wp\/v2\/cpt-posts"}],"about":[{"href":"https:\/\/toxic.fm\/site\/wp-json\/wp\/v2\/types\/cpt-posts"}],"version-history":[{"count":35,"href":"https:\/\/toxic.fm\/site\/wp-json\/wp\/v2\/cpt-posts\/46499\/revisions"}],"predecessor-version":[{"id":46547,"href":"https:\/\/toxic.fm\/site\/wp-json\/wp\/v2\/cpt-posts\/46499\/revisions\/46547"}],"wp:attachment":[{"href":"https:\/\/toxic.fm\/site\/wp-json\/wp\/v2\/media?parent=46499"}],"curies":[{"name":"wp","href":"https:\/\/api.w.org\/{rel}","templated":true}]}}