{"id":42501,"date":"2022-09-21T17:00:00","date_gmt":"2022-09-21T15:00:00","guid":{"rendered":"https:\/\/toxic.fm\/site\/?post_type=cpt-posts&#038;p=42501"},"modified":"2022-09-22T10:06:41","modified_gmt":"2022-09-22T08:06:41","slug":"eidgenoessische-volksabstimmung-verrechnungssteuer","status":"publish","type":"cpt-posts","link":"https:\/\/toxic.fm\/site\/beitraege\/eidgenoessische-volksabstimmung-verrechnungssteuer\/","title":{"rendered":"Eidgen\u00f6ssische Volksabstimmung Verrechnungssteuer"},"content":{"rendered":"\n<p>An diesem Sonntag, 25. September, stimmt die Schweizer Stimmbev\u00f6lkerung \u00fcber die \u00c4nderungen des Bundesgesetzes \u00fcber die Verrechnungssteuer.<\/p>\n\n\n\n<figure class=\"wp-block-audio\"><audio controls src=\"https:\/\/toxic.fm\/site\/wp-content\/uploads\/2022\/09\/220921_Modi_Talk_Verrechnungssteuer.mp3\"><\/audio><\/figure>\n","protected":false},"menu_order":0,"template":"","class_list":["post-42501","cpt-posts","type-cpt-posts","status-publish","hentry","cpt-posts-category-news"],"acf":[],"publishpress_future_workflow_manual_trigger":{"enabledWorkflows":[]},"_links":{"self":[{"href":"https:\/\/toxic.fm\/site\/wp-json\/wp\/v2\/cpt-posts\/42501","targetHints":{"allow":["GET"]}}],"collection":[{"href":"https:\/\/toxic.fm\/site\/wp-json\/wp\/v2\/cpt-posts"}],"about":[{"href":"https:\/\/toxic.fm\/site\/wp-json\/wp\/v2\/types\/cpt-posts"}],"version-history":[{"count":4,"href":"https:\/\/toxic.fm\/site\/wp-json\/wp\/v2\/cpt-posts\/42501\/revisions"}],"predecessor-version":[{"id":42554,"href":"https:\/\/toxic.fm\/site\/wp-json\/wp\/v2\/cpt-posts\/42501\/revisions\/42554"}],"wp:attachment":[{"href":"https:\/\/toxic.fm\/site\/wp-json\/wp\/v2\/media?parent=42501"}],"curies":[{"name":"wp","href":"https:\/\/api.w.org\/{rel}","templated":true}]}}